{"id":3428,"date":"2024-01-28T20:36:44","date_gmt":"2024-01-28T19:36:44","guid":{"rendered":"https:\/\/ritornoalbosco.it\/?p=3428"},"modified":"2024-04-25T15:50:02","modified_gmt":"2024-04-25T13:50:02","slug":"herbane-e-boschi-sacri-della-valle-camonica","status":"publish","type":"post","link":"https:\/\/ritornoalbosco.it\/index.php\/2024\/01\/28\/herbane-e-boschi-sacri-della-valle-camonica\/","title":{"rendered":"HERBANE IN VALLE CAMONICA"},"content":{"rendered":"<p><div class=\"fusion-fullwidth fullwidth-box fusion-builder-row-1 fusion-flex-container has-pattern-background has-mask-background nonhundred-percent-fullwidth non-hundred-percent-height-scrolling\" style=\"--awb-border-radius-top-left:0px;--awb-border-radius-top-right:0px;--awb-border-radius-bottom-right:0px;--awb-border-radius-bottom-left:0px;--awb-padding-top:30px;--awb-background-color:var(--awb-custom_color_3);--awb-flex-wrap:wrap;\" ><div class=\"fusion-builder-row fusion-row fusion-flex-align-items-flex-start fusion-flex-justify-content-center fusion-flex-content-wrap\" style=\"max-width:1414.4px;margin-left: calc(-4% \/ 2 );margin-right: calc(-4% \/ 2 );\"><div class=\"fusion-layout-column fusion_builder_column fusion-builder-column-0 fusion_builder_column_1_1 1_1 fusion-flex-column\" style=\"--awb-bg-size:cover;--awb-width-large:100%;--awb-margin-top-large:0px;--awb-spacing-right-large:1.92%;--awb-margin-bottom-large:20px;--awb-spacing-left-large:1.92%;--awb-width-medium:100%;--awb-order-medium:0;--awb-spacing-right-medium:1.92%;--awb-spacing-left-medium:1.92%;--awb-width-small:100%;--awb-order-small:0;--awb-spacing-right-small:1.92%;--awb-spacing-left-small:1.92%;\"><div class=\"fusion-column-wrapper fusion-column-has-shadow fusion-flex-justify-content-flex-start fusion-content-layout-column\"><div class=\"fusion-title title fusion-title-1 fusion-sep-none fusion-title-center fusion-title-text fusion-title-size-three\" style=\"--awb-text-color:var(--awb-custom_color_2);--awb-margin-top-small:10px;--awb-margin-right-small:0px;--awb-margin-bottom-small:10px;--awb-margin-left-small:0px;--awb-font-size:20px;\"><h3 class=\"fusion-title-heading title-heading-center fusion-responsive-typography-calculated\" style=\"margin:0;font-size:1em;--fontSize:20;line-height:1.4;\">DONNE E PIANTE: UN LEGAME PROFONDO <br \/><\/h3><\/div><div class=\"fusion-text fusion-text-1\"><p style=\"font-size: 15px;\" data-fusion-font=\"true\">Tutti possiamo immaginare quanto le conoscenze delle piante siano state fondamentali per la sopravvivenza dei sapiens e molte sono le documentazioni arrivate fino a noi che raccontano quanto il rapporto tra piante e uomo sia profondo e indissolubile.<\/p>\n<p style=\"font-size: 15px;\" data-fusion-font=\"true\">Ad oggi si stimano 28.000 specie di piante che sono state usate e che vengono usate per curare la nostra salute. Non poche!<\/p>\n<p style=\"font-size: 15px;\" data-fusion-font=\"true\">Molte di queste si trovano comunemente intorno a noi e talvolta le calpestiamo brutalmente o le estirpiamo senza dare loro il giusto valore.<\/p>\n<p style=\"font-size: 15px;\" data-fusion-font=\"true\">Alcune specie vengono e venivano coltivate al fine di realizzare preparazioni erboristiche e farmaceutiche e per estrarre i principi attivi. Molte per\u00f2 si possono trovare anche allo stato selvatico e lo sapevano bene i nostri antenati. <\/p>\n<p style=\"font-size: 15px;\" data-fusion-font=\"true\">Le piante officinali possono crescere dappertutto: nelle aiuole, negli orti, negli anfratti dei muri e ovunque ci sia un pochino di terra e le condizioni giuste per germinare. <\/p>\n<\/div><\/div><\/div><\/div><\/div><div class=\"fusion-fullwidth fullwidth-box fusion-builder-row-2 fusion-flex-container has-pattern-background has-mask-background nonhundred-percent-fullwidth non-hundred-percent-height-scrolling\" style=\"--awb-border-radius-top-left:0px;--awb-border-radius-top-right:0px;--awb-border-radius-bottom-right:0px;--awb-border-radius-bottom-left:0px;--awb-flex-wrap:wrap;\" ><div class=\"fusion-builder-row fusion-row fusion-flex-align-items-flex-start fusion-flex-justify-content-center fusion-flex-content-wrap\" style=\"max-width:1414.4px;margin-left: calc(-4% \/ 2 );margin-right: calc(-4% \/ 2 );\"><div class=\"fusion-layout-column fusion_builder_column fusion-builder-column-1 fusion_builder_column_1_1 1_1 fusion-flex-column\" style=\"--awb-bg-size:cover;--awb-width-large:100%;--awb-margin-top-large:0px;--awb-spacing-right-large:1.92%;--awb-margin-bottom-large:0px;--awb-spacing-left-large:1.92%;--awb-width-medium:100%;--awb-order-medium:0;--awb-spacing-right-medium:1.92%;--awb-spacing-left-medium:1.92%;--awb-width-small:100%;--awb-order-small:0;--awb-spacing-right-small:1.92%;--awb-spacing-left-small:1.92%;\"><div class=\"fusion-column-wrapper fusion-column-has-shadow fusion-flex-justify-content-flex-start fusion-content-layout-column\"><div class=\"fusion-text fusion-text-2 fusion-text-no-margin\" style=\"--awb-margin-top:20px;--awb-margin-bottom:10px;\"><h3 class=\"p3 fusion-responsive-typography-calculated\" style=\"--fontsize: 36; line-height: 1.4; font-size: 20px; --fontSize: 20;\" data-fontsize=\"20\" data-lineheight=\"28px\" data-fusion-font=\"true\">DONNE E PIANTE<br \/><\/h3>\n<p style=\"font-size: 15px;\" data-fusion-font=\"true\">Studiando le piante officinali una tra le tante cose che mi ha colpito \u00e8 che sono molte le piante in grado di aiutare e sostenere la donna. \u00c8 come se tra donna e la madre terra ci fosse un legame ancora pi\u00f9 intimo e ancestrale. <\/p>\n<p style=\"font-size: 15px;\" data-fusion-font=\"true\">Mi viene quindi da pensare che forse non \u00e8 un caso che nella storia siano state proprio le donne ad approfondire maggiormente lo studio e l\u2019uso delle erbe.<\/p>\n<p class=\"p6\" style=\"font-size: 15px;\" data-fusion-font=\"true\">\n<\/div><\/div><\/div><div class=\"fusion-layout-column fusion_builder_column fusion-builder-column-2 fusion_builder_column_2_3 2_3 fusion-flex-column\" style=\"--awb-bg-size:cover;--awb-width-large:66.666666666667%;--awb-margin-top-large:0px;--awb-spacing-right-large:2.88%;--awb-margin-bottom-large:20px;--awb-spacing-left-large:2.88%;--awb-width-medium:66.666666666667%;--awb-order-medium:0;--awb-spacing-right-medium:2.88%;--awb-spacing-left-medium:2.88%;--awb-width-small:100%;--awb-order-small:0;--awb-spacing-right-small:1.92%;--awb-spacing-left-small:1.92%;\"><div class=\"fusion-column-wrapper fusion-column-has-shadow fusion-flex-justify-content-flex-start fusion-content-layout-column\"><div class=\"fusion-image-element \" style=\"--awb-caption-title-font-family:var(--h2_typography-font-family);--awb-caption-title-font-weight:var(--h2_typography-font-weight);--awb-caption-title-font-style:var(--h2_typography-font-style);--awb-caption-title-size:var(--h2_typography-font-size);--awb-caption-title-transform:var(--h2_typography-text-transform);--awb-caption-title-line-height:var(--h2_typography-line-height);--awb-caption-title-letter-spacing:var(--h2_typography-letter-spacing);\"><span class=\" fusion-imageframe imageframe-none imageframe-1 hover-type-none\"><img decoding=\"async\" width=\"601\" height=\"640\" title=\"herbana-vallecamonica-streghe\" src=\"https:\/\/ritornoalbosco.it\/wp-content\/uploads\/2024\/02\/herbana.jpg\" data-orig-src=\"https:\/\/ritornoalbosco.it\/wp-content\/uploads\/2024\/02\/herbana.jpg\" alt class=\"lazyload img-responsive wp-image-3425\" srcset=\"data:image\/svg+xml,%3Csvg%20xmlns%3D%27http%3A%2F%2Fwww.w3.org%2F2000%2Fsvg%27%20width%3D%27601%27%20height%3D%27640%27%20viewBox%3D%270%200%20601%20640%27%3E%3Crect%20width%3D%27601%27%20height%3D%27640%27%20fill-opacity%3D%220%22%2F%3E%3C%2Fsvg%3E\" data-srcset=\"https:\/\/ritornoalbosco.it\/wp-content\/uploads\/2024\/02\/herbana-200x213.jpg 200w, https:\/\/ritornoalbosco.it\/wp-content\/uploads\/2024\/02\/herbana-400x426.jpg 400w, https:\/\/ritornoalbosco.it\/wp-content\/uploads\/2024\/02\/herbana.jpg 601w\" data-sizes=\"auto\" data-orig-sizes=\"(max-width: 640px) 100vw, 601px\" \/><\/span><\/div><\/div><\/div><div class=\"fusion-layout-column fusion_builder_column fusion-builder-column-3 fusion_builder_column_1_1 1_1 fusion-flex-column\" style=\"--awb-bg-size:cover;--awb-width-large:100%;--awb-margin-top-large:0px;--awb-spacing-right-large:1.92%;--awb-margin-bottom-large:0px;--awb-spacing-left-large:1.92%;--awb-width-medium:100%;--awb-order-medium:0;--awb-spacing-right-medium:1.92%;--awb-spacing-left-medium:1.92%;--awb-width-small:100%;--awb-order-small:0;--awb-spacing-right-small:1.92%;--awb-spacing-left-small:1.92%;\"><div class=\"fusion-column-wrapper fusion-column-has-shadow fusion-flex-justify-content-flex-start fusion-content-layout-column\"><div class=\"fusion-text fusion-text-3 fusion-text-no-margin\" style=\"--awb-margin-top:20px;--awb-margin-bottom:10px;\"><div><span style=\"font-size: 15px;\" data-fusion-font=\"true\">Passeggiando in un prato possiamo incontrare piante molto comuni e utili per le problematiche femminili come l\u2019Achillea millefolium che viene in aiuto alle donne durante il ciclo mestruale. <\/span><\/div>\n<p><span style=\"font-size: 15px;\" data-fusion-font=\"true\">Ma nello stesso prato, a fianco dell\u2019achillea, possiamo trovare il Trifoglio rosso adatto invece a sostenere la donna in menopausa. <\/span><\/p>\n<p><span style=\"font-size: 15px;\" data-fusion-font=\"true\">Si possono trovare piante che stimolano la montata lattea come l\u2019ortica e piante con potere abortivo come il prezzemolo o l\u2019artemisia. Questo secondo me gi\u00e0 la dice lunga sulla simbiosi donna natura, non trovate?<\/span><\/p>\n<p class=\"p6\" style=\"font-size: 15px;\" data-fusion-font=\"true\">\n<\/div><\/div><\/div><div class=\"fusion-layout-column fusion_builder_column fusion-builder-column-4 fusion_builder_column_1_2 1_2 fusion-flex-column\" style=\"--awb-bg-size:cover;--awb-width-large:50%;--awb-margin-top-large:0px;--awb-spacing-right-large:3.84%;--awb-margin-bottom-large:20px;--awb-spacing-left-large:3.84%;--awb-width-medium:50%;--awb-order-medium:0;--awb-spacing-right-medium:3.84%;--awb-spacing-left-medium:3.84%;--awb-width-small:100%;--awb-order-small:0;--awb-spacing-right-small:1.92%;--awb-spacing-left-small:1.92%;\"><div class=\"fusion-column-wrapper fusion-column-has-shadow fusion-flex-justify-content-flex-start fusion-content-layout-column\"><div class=\"fusion-image-element \" style=\"--awb-caption-title-font-family:var(--h2_typography-font-family);--awb-caption-title-font-weight:var(--h2_typography-font-weight);--awb-caption-title-font-style:var(--h2_typography-font-style);--awb-caption-title-size:var(--h2_typography-font-size);--awb-caption-title-transform:var(--h2_typography-text-transform);--awb-caption-title-line-height:var(--h2_typography-line-height);--awb-caption-title-letter-spacing:var(--h2_typography-letter-spacing);\"><span class=\" fusion-imageframe imageframe-none imageframe-2 hover-type-none\"><img decoding=\"async\" width=\"1920\" height=\"2560\" title=\"achillea_millefolium\" src=\"https:\/\/ritornoalbosco.it\/wp-content\/uploads\/2024\/02\/IMG20220720102200-scaled.jpg\" data-orig-src=\"https:\/\/ritornoalbosco.it\/wp-content\/uploads\/2024\/02\/IMG20220720102200-scaled.jpg\" alt class=\"lazyload img-responsive wp-image-3430\" srcset=\"data:image\/svg+xml,%3Csvg%20xmlns%3D%27http%3A%2F%2Fwww.w3.org%2F2000%2Fsvg%27%20width%3D%271920%27%20height%3D%272560%27%20viewBox%3D%270%200%201920%202560%27%3E%3Crect%20width%3D%271920%27%20height%3D%272560%27%20fill-opacity%3D%220%22%2F%3E%3C%2Fsvg%3E\" data-srcset=\"https:\/\/ritornoalbosco.it\/wp-content\/uploads\/2024\/02\/IMG20220720102200-200x267.jpg 200w, https:\/\/ritornoalbosco.it\/wp-content\/uploads\/2024\/02\/IMG20220720102200-400x533.jpg 400w, https:\/\/ritornoalbosco.it\/wp-content\/uploads\/2024\/02\/IMG20220720102200-600x800.jpg 600w, https:\/\/ritornoalbosco.it\/wp-content\/uploads\/2024\/02\/IMG20220720102200-800x1067.jpg 800w, https:\/\/ritornoalbosco.it\/wp-content\/uploads\/2024\/02\/IMG20220720102200-1200x1600.jpg 1200w, https:\/\/ritornoalbosco.it\/wp-content\/uploads\/2024\/02\/IMG20220720102200-scaled.jpg 1920w\" data-sizes=\"auto\" data-orig-sizes=\"(max-width: 640px) 100vw, 800px\" \/><\/span><\/div><\/div><\/div><div class=\"fusion-layout-column fusion_builder_column fusion-builder-column-5 fusion_builder_column_1_2 1_2 fusion-flex-column\" style=\"--awb-bg-size:cover;--awb-width-large:50%;--awb-margin-top-large:0px;--awb-spacing-right-large:3.84%;--awb-margin-bottom-large:20px;--awb-spacing-left-large:3.84%;--awb-width-medium:50%;--awb-order-medium:0;--awb-spacing-right-medium:3.84%;--awb-spacing-left-medium:3.84%;--awb-width-small:100%;--awb-order-small:0;--awb-spacing-right-small:1.92%;--awb-spacing-left-small:1.92%;\"><div class=\"fusion-column-wrapper fusion-column-has-shadow fusion-flex-justify-content-flex-start fusion-content-layout-column\"><div class=\"fusion-image-element \" style=\"--awb-caption-title-font-family:var(--h2_typography-font-family);--awb-caption-title-font-weight:var(--h2_typography-font-weight);--awb-caption-title-font-style:var(--h2_typography-font-style);--awb-caption-title-size:var(--h2_typography-font-size);--awb-caption-title-transform:var(--h2_typography-text-transform);--awb-caption-title-line-height:var(--h2_typography-line-height);--awb-caption-title-letter-spacing:var(--h2_typography-letter-spacing);\"><span class=\" fusion-imageframe imageframe-none imageframe-3 hover-type-none\"><img decoding=\"async\" width=\"1920\" height=\"2560\" title=\"trifolium-pratensis-foraging-vallecamonica\" src=\"https:\/\/ritornoalbosco.it\/wp-content\/uploads\/2024\/02\/IMG20231025090648-scaled.jpg\" data-orig-src=\"https:\/\/ritornoalbosco.it\/wp-content\/uploads\/2024\/02\/IMG20231025090648-scaled.jpg\" alt class=\"lazyload img-responsive wp-image-3433\" srcset=\"data:image\/svg+xml,%3Csvg%20xmlns%3D%27http%3A%2F%2Fwww.w3.org%2F2000%2Fsvg%27%20width%3D%271920%27%20height%3D%272560%27%20viewBox%3D%270%200%201920%202560%27%3E%3Crect%20width%3D%271920%27%20height%3D%272560%27%20fill-opacity%3D%220%22%2F%3E%3C%2Fsvg%3E\" data-srcset=\"https:\/\/ritornoalbosco.it\/wp-content\/uploads\/2024\/02\/IMG20231025090648-200x267.jpg 200w, https:\/\/ritornoalbosco.it\/wp-content\/uploads\/2024\/02\/IMG20231025090648-400x533.jpg 400w, https:\/\/ritornoalbosco.it\/wp-content\/uploads\/2024\/02\/IMG20231025090648-600x800.jpg 600w, https:\/\/ritornoalbosco.it\/wp-content\/uploads\/2024\/02\/IMG20231025090648-800x1067.jpg 800w, https:\/\/ritornoalbosco.it\/wp-content\/uploads\/2024\/02\/IMG20231025090648-1200x1600.jpg 1200w, https:\/\/ritornoalbosco.it\/wp-content\/uploads\/2024\/02\/IMG20231025090648-scaled.jpg 1920w\" data-sizes=\"auto\" data-orig-sizes=\"(max-width: 640px) 100vw, 800px\" \/><\/span><\/div><\/div><\/div><\/div><\/div><div class=\"fusion-fullwidth fullwidth-box fusion-builder-row-3 fusion-flex-container has-pattern-background has-mask-background nonhundred-percent-fullwidth non-hundred-percent-height-scrolling\" style=\"--awb-border-radius-top-left:0px;--awb-border-radius-top-right:0px;--awb-border-radius-bottom-right:0px;--awb-border-radius-bottom-left:0px;--awb-padding-top:0px;--awb-padding-bottom:0px;--awb-margin-top:60px;--awb-margin-bottom:0px;--awb-background-color:var(--awb-custom_color_3);--awb-flex-wrap:wrap;\" ><div class=\"fusion-builder-row fusion-row fusion-flex-align-items-flex-start fusion-flex-justify-content-center fusion-flex-content-wrap\" style=\"max-width:1414.4px;margin-left: calc(-4% \/ 2 );margin-right: calc(-4% \/ 2 );\"><div class=\"fusion-layout-column fusion_builder_column fusion-builder-column-6 fusion_builder_column_1_1 1_1 fusion-flex-column\" style=\"--awb-bg-size:cover;--awb-width-large:100%;--awb-margin-top-large:0px;--awb-spacing-right-large:1.92%;--awb-margin-bottom-large:20px;--awb-spacing-left-large:1.92%;--awb-width-medium:100%;--awb-order-medium:0;--awb-spacing-right-medium:1.92%;--awb-spacing-left-medium:1.92%;--awb-width-small:100%;--awb-order-small:0;--awb-spacing-right-small:1.92%;--awb-spacing-left-small:1.92%;\"><div class=\"fusion-column-wrapper fusion-column-has-shadow fusion-flex-justify-content-flex-start fusion-content-layout-column\"><div class=\"fusion-text fusion-text-4 fusion-text-no-margin\" style=\"--awb-margin-top:20px;--awb-margin-bottom:10px;\"><p class=\"p6\" style=\"font-size: 15px;\" data-fusion-font=\"true\">\n<\/div><div class=\"fusion-text fusion-text-5\"><p align=\"left\"><span style=\"font-size: 20px;\" data-fusion-font=\"true\"><b>LE HERBANE DURANTE L&#8217;INQUISIZIONE<br \/><\/b><\/span><\/p>\n<p style=\"font-size: 15px;\" data-fusion-font=\"true\">Ma nei secoli non sempre le donne per queste conoscenze furono viste di buon occhio.<\/p>\n<p style=\"font-size: 15px;\" data-fusion-font=\"true\">Ne sono un esempio le Herbane, donne che dedicavano molto del loro tempo allo studio e all\u2019utilizzo delle erbe, dei frutti e dei funghi che raccoglievano spontaneamente e che servivano a creare preparati erboristici per la cura del corpo e dello spirito.<\/p>\n<p style=\"font-size: 15px;\" data-fusion-font=\"true\">Durante l\u2019inquisizione queste figure furono tacciate di stregoneria e per questo perseguitate e giustiziate. Questo \u00e8 quello che successe anche a Pisogne, il paese in cui sono cresciuta. Da donna e appassionata di erbe selvatiche potete immaginare che quello che \u00e8 successo al paesello mi impressiona un pochino. Infatti Il 17 luglio del 1518 a Pisogne, il prete Bernardino Grossi, agendo in qualit\u00e0 di vicario dell&#8217;Inquisizione, mand\u00f2 al rogo otto donne accusate di stregoneria. Sempre in Valle Camonica, ad Edolo nel 1510 vennero condannate al rogo altre 60 donne, accusate anche loro di stregoneria. <\/p>\n<p style=\"font-size: 15px;\" data-fusion-font=\"true\">Molte delle streghe che furono portate al rogo in Valle Camonica probabilmente non erano altro che donne, levatrici e medichesse che da sempre si erano affidate alla natura per la cura dei problemi del corpo e dello spirito e che improvvisamente vennero etichettate come portatrici di male e di sventure. <\/p>\n<p style=\"font-size: 15px;\" data-fusion-font=\"true\">In quel periodo venne completamente ribaltato il valore positivo e salvifico che queste figure avevano avuto nella comunit\u00e0 fino a quel momento e mi capita a volte di riflettere su questo mentre raccolgo erbe, fiori o piante selvatiche negli stessi boschi attraversati dalle antenate herbane.<\/p>\n<\/div><\/div><\/div><div class=\"fusion-layout-column fusion_builder_column fusion-builder-column-7 fusion_builder_column_1_2 1_2 fusion-flex-column\" style=\"--awb-bg-size:cover;--awb-width-large:50%;--awb-margin-top-large:0px;--awb-spacing-right-large:3.84%;--awb-margin-bottom-large:20px;--awb-spacing-left-large:3.84%;--awb-width-medium:50%;--awb-order-medium:0;--awb-spacing-right-medium:3.84%;--awb-spacing-left-medium:3.84%;--awb-width-small:100%;--awb-order-small:0;--awb-spacing-right-small:1.92%;--awb-spacing-left-small:1.92%;\"><div class=\"fusion-column-wrapper fusion-column-has-shadow fusion-flex-justify-content-flex-start fusion-content-layout-column\"><div class=\"fusion-image-element \" style=\"--awb-caption-title-font-family:var(--h2_typography-font-family);--awb-caption-title-font-weight:var(--h2_typography-font-weight);--awb-caption-title-font-style:var(--h2_typography-font-style);--awb-caption-title-size:var(--h2_typography-font-size);--awb-caption-title-transform:var(--h2_typography-text-transform);--awb-caption-title-line-height:var(--h2_typography-line-height);--awb-caption-title-letter-spacing:var(--h2_typography-letter-spacing);\"><span class=\" fusion-imageframe imageframe-none imageframe-4 hover-type-none\"><img decoding=\"async\" width=\"1920\" height=\"2560\" title=\"herbana-vallecamonica-streghe\" src=\"https:\/\/ritornoalbosco.it\/wp-content\/uploads\/2024\/02\/IMG20231027113227-scaled.jpg\" data-orig-src=\"https:\/\/ritornoalbosco.it\/wp-content\/uploads\/2024\/02\/IMG20231027113227-scaled.jpg\" alt class=\"lazyload img-responsive wp-image-3426\" srcset=\"data:image\/svg+xml,%3Csvg%20xmlns%3D%27http%3A%2F%2Fwww.w3.org%2F2000%2Fsvg%27%20width%3D%271920%27%20height%3D%272560%27%20viewBox%3D%270%200%201920%202560%27%3E%3Crect%20width%3D%271920%27%20height%3D%272560%27%20fill-opacity%3D%220%22%2F%3E%3C%2Fsvg%3E\" data-srcset=\"https:\/\/ritornoalbosco.it\/wp-content\/uploads\/2024\/02\/IMG20231027113227-200x267.jpg 200w, https:\/\/ritornoalbosco.it\/wp-content\/uploads\/2024\/02\/IMG20231027113227-400x533.jpg 400w, https:\/\/ritornoalbosco.it\/wp-content\/uploads\/2024\/02\/IMG20231027113227-600x800.jpg 600w, https:\/\/ritornoalbosco.it\/wp-content\/uploads\/2024\/02\/IMG20231027113227-800x1067.jpg 800w, https:\/\/ritornoalbosco.it\/wp-content\/uploads\/2024\/02\/IMG20231027113227-1200x1600.jpg 1200w, https:\/\/ritornoalbosco.it\/wp-content\/uploads\/2024\/02\/IMG20231027113227-scaled.jpg 1920w\" data-sizes=\"auto\" data-orig-sizes=\"(max-width: 640px) 100vw, 800px\" \/><\/span><\/div><\/div><\/div><div class=\"fusion-layout-column fusion_builder_column fusion-builder-column-8 fusion_builder_column_1_1 1_1 fusion-flex-column\" style=\"--awb-bg-size:cover;--awb-width-large:100%;--awb-margin-top-large:0px;--awb-spacing-right-large:1.92%;--awb-margin-bottom-large:20px;--awb-spacing-left-large:1.92%;--awb-width-medium:100%;--awb-order-medium:0;--awb-spacing-right-medium:1.92%;--awb-spacing-left-medium:1.92%;--awb-width-small:100%;--awb-order-small:0;--awb-spacing-right-small:1.92%;--awb-spacing-left-small:1.92%;\"><div class=\"fusion-column-wrapper fusion-column-has-shadow fusion-flex-justify-content-flex-start fusion-content-layout-column\"><div class=\"fusion-text fusion-text-6\"><p style=\"font-size: 15px;\" data-fusion-font=\"true\">C\u2019\u00e8 stato un tempo in cui la natura in ogni sua forma era fonte di divinazione ed i boschi erano luoghi sacri.<\/p>\n<p style=\"font-size: 15px;\" data-fusion-font=\"true\">Un tempo in cui si adoravano grandi alberi e si interpretavano i gesti degli animali selvatici. Un tempo in cui si vibrava con la natura come parte integrante di un tutto pi\u00f9 grande.<\/p>\n<p style=\"font-size: 15px;\" data-fusion-font=\"true\">Quando cammino nei boschi sopra casa mi piace pensare che i grandi alberi che incontro sono stati un tempo venerati perch\u00e8 portatori di sostentamento, di energia e di vita per tutti gli esseri che vivono sulla terra e non posso che fermarmi a contemplare la loro grandezza.<\/p>\n<\/div><\/div><\/div><div class=\"fusion-layout-column fusion_builder_column fusion-builder-column-9 fusion_builder_column_1_2 1_2 fusion-flex-column\" style=\"--awb-bg-size:cover;--awb-width-large:50%;--awb-margin-top-large:0px;--awb-spacing-right-large:3.84%;--awb-margin-bottom-large:20px;--awb-spacing-left-large:3.84%;--awb-width-medium:50%;--awb-order-medium:0;--awb-spacing-right-medium:3.84%;--awb-spacing-left-medium:3.84%;--awb-width-small:100%;--awb-order-small:0;--awb-spacing-right-small:1.92%;--awb-spacing-left-small:1.92%;\"><div class=\"fusion-column-wrapper fusion-column-has-shadow fusion-flex-justify-content-flex-start fusion-content-layout-column\"><div class=\"fusion-image-element \" style=\"--awb-caption-title-font-family:var(--h2_typography-font-family);--awb-caption-title-font-weight:var(--h2_typography-font-weight);--awb-caption-title-font-style:var(--h2_typography-font-style);--awb-caption-title-size:var(--h2_typography-font-size);--awb-caption-title-transform:var(--h2_typography-text-transform);--awb-caption-title-line-height:var(--h2_typography-line-height);--awb-caption-title-letter-spacing:var(--h2_typography-letter-spacing);\"><span class=\" fusion-imageframe imageframe-none imageframe-5 hover-type-none\"><img decoding=\"async\" width=\"1920\" height=\"2560\" title=\"vallecamonica-valledeisegni\" src=\"https:\/\/ritornoalbosco.it\/wp-content\/uploads\/2024\/02\/sentiero2-scaled.jpg\" data-orig-src=\"https:\/\/ritornoalbosco.it\/wp-content\/uploads\/2024\/02\/sentiero2-scaled.jpg\" alt class=\"lazyload img-responsive wp-image-3427\" srcset=\"data:image\/svg+xml,%3Csvg%20xmlns%3D%27http%3A%2F%2Fwww.w3.org%2F2000%2Fsvg%27%20width%3D%271920%27%20height%3D%272560%27%20viewBox%3D%270%200%201920%202560%27%3E%3Crect%20width%3D%271920%27%20height%3D%272560%27%20fill-opacity%3D%220%22%2F%3E%3C%2Fsvg%3E\" data-srcset=\"https:\/\/ritornoalbosco.it\/wp-content\/uploads\/2024\/02\/sentiero2-200x267.jpg 200w, https:\/\/ritornoalbosco.it\/wp-content\/uploads\/2024\/02\/sentiero2-400x533.jpg 400w, https:\/\/ritornoalbosco.it\/wp-content\/uploads\/2024\/02\/sentiero2-600x800.jpg 600w, https:\/\/ritornoalbosco.it\/wp-content\/uploads\/2024\/02\/sentiero2-800x1067.jpg 800w, https:\/\/ritornoalbosco.it\/wp-content\/uploads\/2024\/02\/sentiero2-1200x1600.jpg 1200w, https:\/\/ritornoalbosco.it\/wp-content\/uploads\/2024\/02\/sentiero2-scaled.jpg 1920w\" data-sizes=\"auto\" data-orig-sizes=\"(max-width: 640px) 100vw, 800px\" \/><\/span><\/div><\/div><\/div><\/div><\/div><\/p>\n","protected":false},"excerpt":{"rendered":"","protected":false},"author":2,"featured_media":3427,"comment_status":"open","ping_status":"open","sticky":false,"template":"","format":"standard","meta":{"_glsr_average":0,"_glsr_ranking":0,"_glsr_reviews":0,"footnotes":""},"categories":[71,64,70],"tags":[107,105,106],"class_list":["post-3428","post","type-post","status-publish","format-standard","has-post-thumbnail","hentry","category-autoproduzioni-selvatiche","category-etnobotanica","category-montagna","tag-alberi-sacri-vallecamonica","tag-herbana-vallecamonica","tag-streghe-vallecamonica"],"_links":{"self":[{"href":"https:\/\/ritornoalbosco.it\/index.php\/wp-json\/wp\/v2\/posts\/3428","targetHints":{"allow":["GET"]}}],"collection":[{"href":"https:\/\/ritornoalbosco.it\/index.php\/wp-json\/wp\/v2\/posts"}],"about":[{"href":"https:\/\/ritornoalbosco.it\/index.php\/wp-json\/wp\/v2\/types\/post"}],"author":[{"embeddable":true,"href":"https:\/\/ritornoalbosco.it\/index.php\/wp-json\/wp\/v2\/users\/2"}],"replies":[{"embeddable":true,"href":"https:\/\/ritornoalbosco.it\/index.php\/wp-json\/wp\/v2\/comments?post=3428"}],"version-history":[{"count":6,"href":"https:\/\/ritornoalbosco.it\/index.php\/wp-json\/wp\/v2\/posts\/3428\/revisions"}],"predecessor-version":[{"id":3484,"href":"https:\/\/ritornoalbosco.it\/index.php\/wp-json\/wp\/v2\/posts\/3428\/revisions\/3484"}],"wp:featuredmedia":[{"embeddable":true,"href":"https:\/\/ritornoalbosco.it\/index.php\/wp-json\/wp\/v2\/media\/3427"}],"wp:attachment":[{"href":"https:\/\/ritornoalbosco.it\/index.php\/wp-json\/wp\/v2\/media?parent=3428"}],"wp:term":[{"taxonomy":"category","embeddable":true,"href":"https:\/\/ritornoalbosco.it\/index.php\/wp-json\/wp\/v2\/categories?post=3428"},{"taxonomy":"post_tag","embeddable":true,"href":"https:\/\/ritornoalbosco.it\/index.php\/wp-json\/wp\/v2\/tags?post=3428"}],"curies":[{"name":"wp","href":"https:\/\/api.w.org\/{rel}","templated":true}]}}