{"id":3916,"date":"2025-06-14T15:11:46","date_gmt":"2025-06-14T13:11:46","guid":{"rendered":"https:\/\/ritornoalbosco.it\/?p=3916"},"modified":"2025-06-17T14:48:09","modified_gmt":"2025-06-17T12:48:09","slug":"la-valle-camonica-un-territorio-ricco-di-biodiversita-e-di-grande-bellezza-paesaggistica-tutta-da-scoprire","status":"publish","type":"post","link":"https:\/\/ritornoalbosco.it\/index.php\/2025\/06\/14\/la-valle-camonica-un-territorio-ricco-di-biodiversita-e-di-grande-bellezza-paesaggistica-tutta-da-scoprire\/","title":{"rendered":"LA VALLE CAMONICA: UN TERRITORIO RICCO DI BIODIVERSIT\u00c0 E DI GRANDE BELLEZZA PAESAGGISTICA"},"content":{"rendered":"<div class=\"fusion-fullwidth fullwidth-box fusion-builder-row-1 fusion-flex-container has-pattern-background has-mask-background nonhundred-percent-fullwidth non-hundred-percent-height-scrolling\" style=\"--awb-border-radius-top-left:0px;--awb-border-radius-top-right:0px;--awb-border-radius-bottom-right:0px;--awb-border-radius-bottom-left:0px;--awb-flex-wrap:wrap;\" ><div class=\"fusion-builder-row fusion-row fusion-flex-align-items-flex-start fusion-flex-justify-content-center fusion-flex-content-wrap\" style=\"max-width:1414.4px;margin-left: calc(-4% \/ 2 );margin-right: calc(-4% \/ 2 );\"><div class=\"fusion-layout-column fusion_builder_column fusion-builder-column-0 fusion_builder_column_1_1 1_1 fusion-flex-column\" style=\"--awb-bg-size:cover;--awb-width-large:100%;--awb-margin-top-large:0px;--awb-spacing-right-large:1.92%;--awb-margin-bottom-large:0px;--awb-spacing-left-large:1.92%;--awb-width-medium:100%;--awb-order-medium:0;--awb-spacing-right-medium:1.92%;--awb-spacing-left-medium:1.92%;--awb-width-small:100%;--awb-order-small:0;--awb-spacing-right-small:1.92%;--awb-spacing-left-small:1.92%;\"><div class=\"fusion-column-wrapper fusion-column-has-shadow fusion-flex-justify-content-flex-start fusion-content-layout-column\"><div class=\"fusion-text fusion-text-1 fusion-text-no-margin\" style=\"--awb-margin-top:20px;--awb-margin-bottom:10px;\"><h3 class=\"p3 fusion-responsive-typography-calculated\" style=\"--fontsize: 20; line-height: 1.4; font-size: 20px; --fontSize: 20;\" data-fontsize=\"20\" data-lineheight=\"28px\" data-fusion-font=\"true\">LA VALLE CAMONICA: RISERVA DELLA BIOSFERA<\/h3>\n<p style=\"font-size: 15px;\" data-fusion-font=\"true\">Lo sapevate che la Valcamonica \u00e8 tra i territori europei con la pi\u00f9 alta biodiversit\u00e0 vegetale?<\/p>\n<p style=\"font-size: 15px;\" data-fusion-font=\"true\">La convivenza nello stesso territorio di diversi piani attitudinali e di conseguenza lapresenza di diversi habitat permette la vita di numerose specie di animali e di piante. Per questo motivo nel 2018 l\u2019UNESCO ha assegnato alla Valle Camonica il titolo di \u201cRiserva della Biosfera\u201d ovvero una qualifica internazionale per la conservazione e la protezione dell\u2019ambiente. La Valle Camonica \u00e8 percorsa dal fiume Oglio ed \u00e8 una delle pi\u00f9 estese vallate delle Alpi Centrali. Si estende per circa 1.360 km quadrati, dal Ghiaccaio dell\u2019Adamello, compreso tra i 2.550 e i 3.530 metri di quota e il lago d\u2019Iseo.<\/p>\n<p class=\"p6\" style=\"font-size: 15px;\" data-fusion-font=\"true\">\n<\/div><\/div><\/div><div class=\"fusion-layout-column fusion_builder_column fusion-builder-column-1 fusion_builder_column_2_3 2_3 fusion-flex-column\" style=\"--awb-bg-size:cover;--awb-width-large:66.666666666667%;--awb-margin-top-large:0px;--awb-spacing-right-large:2.88%;--awb-margin-bottom-large:20px;--awb-spacing-left-large:2.88%;--awb-width-medium:66.666666666667%;--awb-order-medium:0;--awb-spacing-right-medium:2.88%;--awb-spacing-left-medium:2.88%;--awb-width-small:100%;--awb-order-small:0;--awb-spacing-right-small:1.92%;--awb-spacing-left-small:1.92%;\"><div class=\"fusion-column-wrapper fusion-column-has-shadow fusion-flex-justify-content-flex-start fusion-content-layout-column\"><div class=\"fusion-image-element awb-imageframe-style awb-imageframe-style-below awb-imageframe-style-1\" style=\"--awb-caption-title-font-family:var(--h6_typography-font-family);--awb-caption-title-font-weight:var(--h6_typography-font-weight);--awb-caption-title-font-style:var(--h6_typography-font-style);--awb-caption-title-size:15px;--awb-caption-title-transform:var(--h6_typography-text-transform);--awb-caption-title-line-height:var(--h6_typography-line-height);--awb-caption-title-letter-spacing:var(--h6_typography-letter-spacing);\"><span class=\" fusion-imageframe imageframe-none imageframe-1 hover-type-none\"><img decoding=\"async\" width=\"2560\" height=\"1920\" title=\"Val Cadino &#8211; parco regionale Adamello\" src=\"https:\/\/ritornoalbosco.it\/wp-content\/uploads\/2025\/06\/Val-Cadino-parco-regionale-Adamello--scaled.jpg\" data-orig-src=\"https:\/\/ritornoalbosco.it\/wp-content\/uploads\/2025\/06\/Val-Cadino-parco-regionale-Adamello--scaled.jpg\" alt class=\"lazyload img-responsive wp-image-3913\" srcset=\"data:image\/svg+xml,%3Csvg%20xmlns%3D%27http%3A%2F%2Fwww.w3.org%2F2000%2Fsvg%27%20width%3D%272560%27%20height%3D%271920%27%20viewBox%3D%270%200%202560%201920%27%3E%3Crect%20width%3D%272560%27%20height%3D%271920%27%20fill-opacity%3D%220%22%2F%3E%3C%2Fsvg%3E\" data-srcset=\"https:\/\/ritornoalbosco.it\/wp-content\/uploads\/2025\/06\/Val-Cadino-parco-regionale-Adamello--200x150.jpg 200w, https:\/\/ritornoalbosco.it\/wp-content\/uploads\/2025\/06\/Val-Cadino-parco-regionale-Adamello--400x300.jpg 400w, https:\/\/ritornoalbosco.it\/wp-content\/uploads\/2025\/06\/Val-Cadino-parco-regionale-Adamello--600x450.jpg 600w, https:\/\/ritornoalbosco.it\/wp-content\/uploads\/2025\/06\/Val-Cadino-parco-regionale-Adamello--800x600.jpg 800w, https:\/\/ritornoalbosco.it\/wp-content\/uploads\/2025\/06\/Val-Cadino-parco-regionale-Adamello--1200x900.jpg 1200w, https:\/\/ritornoalbosco.it\/wp-content\/uploads\/2025\/06\/Val-Cadino-parco-regionale-Adamello--scaled.jpg 2560w\" data-sizes=\"auto\" data-orig-sizes=\"(max-width: 640px) 100vw, 1200px\" \/><\/span><div class=\"awb-imageframe-caption-container\"><div class=\"awb-imageframe-caption\"><h6 class=\"awb-imageframe-caption-title\">Val Cadino - Parco Regionale Adamello<\/h6><\/div><\/div><\/div><\/div><\/div><div class=\"fusion-layout-column fusion_builder_column fusion-builder-column-2 fusion_builder_column_1_1 1_1 fusion-flex-column\" style=\"--awb-bg-size:cover;--awb-width-large:100%;--awb-margin-top-large:0px;--awb-spacing-right-large:1.92%;--awb-margin-bottom-large:0px;--awb-spacing-left-large:1.92%;--awb-width-medium:100%;--awb-order-medium:0;--awb-spacing-right-medium:1.92%;--awb-spacing-left-medium:1.92%;--awb-width-small:100%;--awb-order-small:0;--awb-spacing-right-small:1.92%;--awb-spacing-left-small:1.92%;\"><div class=\"fusion-column-wrapper fusion-column-has-shadow fusion-flex-justify-content-flex-start fusion-content-layout-column\"><div class=\"fusion-text fusion-text-2 fusion-text-no-margin\" style=\"--awb-margin-top:20px;--awb-margin-bottom:10px;\"><p style=\"font-size: 15px;\" data-fusion-font=\"true\">Il territorio camuno, con la sua diversit\u00e0 morfologica, abbraccia diversi ecosistemi tra cui acque interne, fiumi e laghi, boschi e foreste. Qui vivono e convivono molte specie animali e vegetali esclusive sottoposte a regime di protezione e conservazione. Diverse sono le aree protette presenti tra cui il Parco Nazionale dello Stelvio (diviso tra le regioni Trentino Alto Adige e Lombardia) e il Parco Regionale dell\u2019Adamello. I due parchioccupano insieme pi\u00f9 del 60% del territorio camuno. <\/p>\n<p style=\"font-size: 15px;\" data-fusion-font=\"true\">E poi ci sono la Riserva Naturale delle Valli di Sant\u2019Antonio, la Riserva dei Boschi del Giovetto, il Parco Locale di Interesse Sovracomunale del Lago Moro e del Barberino, la Riserva Naturale delle incisioni rupestri di Ceto &#8211; Cimbergo &#8211; Paspardo.<\/p>\n<p class=\"p6\" style=\"font-size: 15px;\" data-fusion-font=\"true\">\n<\/div><\/div><\/div><div class=\"fusion-layout-column fusion_builder_column fusion-builder-column-3 fusion_builder_column_1_2 1_2 fusion-flex-column\" style=\"--awb-bg-size:cover;--awb-width-large:50%;--awb-margin-top-large:0px;--awb-spacing-right-large:3.84%;--awb-margin-bottom-large:20px;--awb-spacing-left-large:3.84%;--awb-width-medium:50%;--awb-order-medium:0;--awb-spacing-right-medium:3.84%;--awb-spacing-left-medium:3.84%;--awb-width-small:100%;--awb-order-small:0;--awb-spacing-right-small:1.92%;--awb-spacing-left-small:1.92%;\"><div class=\"fusion-column-wrapper fusion-column-has-shadow fusion-flex-justify-content-flex-start fusion-content-layout-column\"><div class=\"fusion-image-element awb-imageframe-style awb-imageframe-style-below awb-imageframe-style-2\" style=\"--awb-caption-title-font-family:var(--h6_typography-font-family);--awb-caption-title-font-weight:var(--h6_typography-font-weight);--awb-caption-title-font-style:var(--h6_typography-font-style);--awb-caption-title-size:15px;--awb-caption-title-transform:var(--h6_typography-text-transform);--awb-caption-title-line-height:var(--h6_typography-line-height);--awb-caption-title-letter-spacing:var(--h6_typography-letter-spacing);\"><span class=\" fusion-imageframe imageframe-none imageframe-2 hover-type-none\"><img decoding=\"async\" width=\"1500\" height=\"2000\" title=\"Leontopodium alpinum &#8211; stella alpina\" src=\"https:\/\/ritornoalbosco.it\/wp-content\/uploads\/2025\/06\/Leontopodium-alpinum-stella-alpina.jpg\" data-orig-src=\"https:\/\/ritornoalbosco.it\/wp-content\/uploads\/2025\/06\/Leontopodium-alpinum-stella-alpina.jpg\" alt class=\"lazyload img-responsive wp-image-3911\" srcset=\"data:image\/svg+xml,%3Csvg%20xmlns%3D%27http%3A%2F%2Fwww.w3.org%2F2000%2Fsvg%27%20width%3D%271500%27%20height%3D%272000%27%20viewBox%3D%270%200%201500%202000%27%3E%3Crect%20width%3D%271500%27%20height%3D%272000%27%20fill-opacity%3D%220%22%2F%3E%3C%2Fsvg%3E\" data-srcset=\"https:\/\/ritornoalbosco.it\/wp-content\/uploads\/2025\/06\/Leontopodium-alpinum-stella-alpina-200x267.jpg 200w, https:\/\/ritornoalbosco.it\/wp-content\/uploads\/2025\/06\/Leontopodium-alpinum-stella-alpina-400x533.jpg 400w, https:\/\/ritornoalbosco.it\/wp-content\/uploads\/2025\/06\/Leontopodium-alpinum-stella-alpina-600x800.jpg 600w, https:\/\/ritornoalbosco.it\/wp-content\/uploads\/2025\/06\/Leontopodium-alpinum-stella-alpina-800x1067.jpg 800w, https:\/\/ritornoalbosco.it\/wp-content\/uploads\/2025\/06\/Leontopodium-alpinum-stella-alpina-1200x1600.jpg 1200w, https:\/\/ritornoalbosco.it\/wp-content\/uploads\/2025\/06\/Leontopodium-alpinum-stella-alpina.jpg 1500w\" data-sizes=\"auto\" data-orig-sizes=\"(max-width: 640px) 100vw, 800px\" \/><\/span><div class=\"awb-imageframe-caption-container\"><div class=\"awb-imageframe-caption\"><h6 class=\"awb-imageframe-caption-title\">Leontopodium alpinum - stella alpina - Parco Regionale Adamello<\/h6><\/div><\/div><\/div><\/div><\/div><div class=\"fusion-layout-column fusion_builder_column fusion-builder-column-4 fusion_builder_column_1_2 1_2 fusion-flex-column\" style=\"--awb-bg-size:cover;--awb-width-large:50%;--awb-margin-top-large:0px;--awb-spacing-right-large:3.84%;--awb-margin-bottom-large:20px;--awb-spacing-left-large:3.84%;--awb-width-medium:50%;--awb-order-medium:0;--awb-spacing-right-medium:3.84%;--awb-spacing-left-medium:3.84%;--awb-width-small:100%;--awb-order-small:0;--awb-spacing-right-small:1.92%;--awb-spacing-left-small:1.92%;\"><div class=\"fusion-column-wrapper fusion-column-has-shadow fusion-flex-justify-content-flex-start fusion-content-layout-column\"><div class=\"fusion-image-element awb-imageframe-style awb-imageframe-style-below awb-imageframe-style-3\" style=\"--awb-caption-title-font-family:var(--h6_typography-font-family);--awb-caption-title-font-weight:var(--h6_typography-font-weight);--awb-caption-title-font-style:var(--h6_typography-font-style);--awb-caption-title-size:15px;--awb-caption-title-transform:var(--h6_typography-text-transform);--awb-caption-title-line-height:var(--h6_typography-line-height);--awb-caption-title-letter-spacing:var(--h6_typography-letter-spacing);\"><span class=\" fusion-imageframe imageframe-none imageframe-3 hover-type-none\"><img decoding=\"async\" width=\"1500\" height=\"2000\" title=\"Lago Aviolo &#8211; parco regionale Adamello\" src=\"https:\/\/ritornoalbosco.it\/wp-content\/uploads\/2025\/06\/Lago-Aviolo-parco-regionale-Adamello.jpg\" data-orig-src=\"https:\/\/ritornoalbosco.it\/wp-content\/uploads\/2025\/06\/Lago-Aviolo-parco-regionale-Adamello.jpg\" alt class=\"lazyload img-responsive wp-image-3910\" srcset=\"data:image\/svg+xml,%3Csvg%20xmlns%3D%27http%3A%2F%2Fwww.w3.org%2F2000%2Fsvg%27%20width%3D%271500%27%20height%3D%272000%27%20viewBox%3D%270%200%201500%202000%27%3E%3Crect%20width%3D%271500%27%20height%3D%272000%27%20fill-opacity%3D%220%22%2F%3E%3C%2Fsvg%3E\" data-srcset=\"https:\/\/ritornoalbosco.it\/wp-content\/uploads\/2025\/06\/Lago-Aviolo-parco-regionale-Adamello-200x267.jpg 200w, https:\/\/ritornoalbosco.it\/wp-content\/uploads\/2025\/06\/Lago-Aviolo-parco-regionale-Adamello-400x533.jpg 400w, https:\/\/ritornoalbosco.it\/wp-content\/uploads\/2025\/06\/Lago-Aviolo-parco-regionale-Adamello-600x800.jpg 600w, https:\/\/ritornoalbosco.it\/wp-content\/uploads\/2025\/06\/Lago-Aviolo-parco-regionale-Adamello-800x1067.jpg 800w, https:\/\/ritornoalbosco.it\/wp-content\/uploads\/2025\/06\/Lago-Aviolo-parco-regionale-Adamello-1200x1600.jpg 1200w, https:\/\/ritornoalbosco.it\/wp-content\/uploads\/2025\/06\/Lago-Aviolo-parco-regionale-Adamello.jpg 1500w\" data-sizes=\"auto\" data-orig-sizes=\"(max-width: 640px) 100vw, 800px\" \/><\/span><div class=\"awb-imageframe-caption-container\"><div class=\"awb-imageframe-caption\"><h6 class=\"awb-imageframe-caption-title\">Lago Aviolo - Parco Regionale Adamello<\/h6><\/div><\/div><\/div><\/div><\/div><div class=\"fusion-layout-column fusion_builder_column fusion-builder-column-5 fusion_builder_column_1_1 1_1 fusion-flex-column\" style=\"--awb-bg-size:cover;--awb-width-large:100%;--awb-margin-top-large:0px;--awb-spacing-right-large:1.92%;--awb-margin-bottom-large:20px;--awb-spacing-left-large:1.92%;--awb-width-medium:100%;--awb-order-medium:0;--awb-spacing-right-medium:1.92%;--awb-spacing-left-medium:1.92%;--awb-width-small:100%;--awb-order-small:0;--awb-spacing-right-small:1.92%;--awb-spacing-left-small:1.92%;\"><div class=\"fusion-column-wrapper fusion-column-has-shadow fusion-flex-justify-content-flex-start fusion-content-layout-column\"><div class=\"fusion-image-element awb-imageframe-style awb-imageframe-style-below awb-imageframe-style-4\" style=\"--awb-caption-title-font-family:var(--h6_typography-font-family);--awb-caption-title-font-weight:var(--h6_typography-font-weight);--awb-caption-title-font-style:var(--h6_typography-font-style);--awb-caption-title-size:15px;--awb-caption-title-transform:var(--h6_typography-text-transform);--awb-caption-title-line-height:var(--h6_typography-line-height);--awb-caption-title-letter-spacing:var(--h6_typography-letter-spacing);\"><span class=\" fusion-imageframe imageframe-none imageframe-4 hover-type-none\"><img decoding=\"async\" width=\"2560\" height=\"1920\" title=\"gruppo montuoso Adamello\" src=\"https:\/\/ritornoalbosco.it\/wp-content\/uploads\/2025\/06\/gruppo-montuoso-Adamello-scaled.jpg\" data-orig-src=\"https:\/\/ritornoalbosco.it\/wp-content\/uploads\/2025\/06\/gruppo-montuoso-Adamello-scaled.jpg\" alt class=\"lazyload img-responsive wp-image-3909\" srcset=\"data:image\/svg+xml,%3Csvg%20xmlns%3D%27http%3A%2F%2Fwww.w3.org%2F2000%2Fsvg%27%20width%3D%272560%27%20height%3D%271920%27%20viewBox%3D%270%200%202560%201920%27%3E%3Crect%20width%3D%272560%27%20height%3D%271920%27%20fill-opacity%3D%220%22%2F%3E%3C%2Fsvg%3E\" data-srcset=\"https:\/\/ritornoalbosco.it\/wp-content\/uploads\/2025\/06\/gruppo-montuoso-Adamello-200x150.jpg 200w, https:\/\/ritornoalbosco.it\/wp-content\/uploads\/2025\/06\/gruppo-montuoso-Adamello-400x300.jpg 400w, https:\/\/ritornoalbosco.it\/wp-content\/uploads\/2025\/06\/gruppo-montuoso-Adamello-600x450.jpg 600w, https:\/\/ritornoalbosco.it\/wp-content\/uploads\/2025\/06\/gruppo-montuoso-Adamello-800x600.jpg 800w, https:\/\/ritornoalbosco.it\/wp-content\/uploads\/2025\/06\/gruppo-montuoso-Adamello-1200x900.jpg 1200w, https:\/\/ritornoalbosco.it\/wp-content\/uploads\/2025\/06\/gruppo-montuoso-Adamello-scaled.jpg 2560w\" data-sizes=\"auto\" data-orig-sizes=\"(max-width: 640px) 100vw, 2560px\" \/><\/span><div class=\"awb-imageframe-caption-container\"><div class=\"awb-imageframe-caption\"><h6 class=\"awb-imageframe-caption-title\">Gruppo montuoso ghiacciaio Adamello<\/h6><\/div><\/div><\/div><div class=\"fusion-text fusion-text-3\"><p style=\"font-size: 15px;\" data-fusion-font=\"true\">\n<p style=\"font-size: 15px;\" data-fusion-font=\"true\">Nelle aree protette e nelle riserve si guarda e si fanno fotografie, ma non si tocca!<\/p>\n<p style=\"font-size: 15px;\" data-fusion-font=\"true\">Il nostro comportamento quando siamo negli ambienti naturali dovrebbe sempre essere di rispetto e cura e anche il nostro tono di voce dovrebbe essere tranquillo ed educato per non disturbare gli animali selvatici che vivono all\u2019interno di questi ambienti.<\/p>\n<p style=\"font-size: 15px;\" data-fusion-font=\"true\">E i nostri amici a quattro zampe? Se non sono previste particolari limitazioni possono accompagnarci all\u2019interno dei parchi ma solo se tenuti al guinzaglio, in modo da disturbare il meno possibile la fauna selvatica e gli altri visitatori.<\/p>\n<p style=\"font-size: 15px;\" data-fusion-font=\"true\">Siamo custodi di ci\u00f2 che ci circonda, non ne siamo padroni. Ricordiamolo sempre.<\/p>\n<p style=\"font-size: 15px;\" data-fusion-font=\"true\">\n<p style=\"font-size: 15px;\" data-fusion-font=\"true\">\n<\/div><\/div><\/div><div class=\"fusion-layout-column fusion_builder_column fusion-builder-column-6 fusion_builder_column_1_2 1_2 fusion-flex-column\" style=\"--awb-bg-size:cover;--awb-width-large:50%;--awb-margin-top-large:0px;--awb-spacing-right-large:3.84%;--awb-margin-bottom-large:20px;--awb-spacing-left-large:3.84%;--awb-width-medium:50%;--awb-order-medium:0;--awb-spacing-right-medium:3.84%;--awb-spacing-left-medium:3.84%;--awb-width-small:100%;--awb-order-small:0;--awb-spacing-right-small:1.92%;--awb-spacing-left-small:1.92%;\"><div class=\"fusion-column-wrapper fusion-column-has-shadow fusion-flex-justify-content-flex-start fusion-content-layout-column\"><div class=\"fusion-image-element awb-imageframe-style awb-imageframe-style-below awb-imageframe-style-5\" style=\"--awb-caption-title-font-family:var(--h6_typography-font-family);--awb-caption-title-font-weight:var(--h6_typography-font-weight);--awb-caption-title-font-style:var(--h6_typography-font-style);--awb-caption-title-size:15px;--awb-caption-title-transform:var(--h6_typography-text-transform);--awb-caption-title-line-height:var(--h6_typography-line-height);--awb-caption-title-letter-spacing:var(--h6_typography-letter-spacing);\"><span class=\" fusion-imageframe imageframe-none imageframe-5 hover-type-none\"><img decoding=\"async\" width=\"1920\" height=\"2560\" title=\"Rhodiola rosea\" src=\"https:\/\/ritornoalbosco.it\/wp-content\/uploads\/2025\/06\/Rhodiola-rosea-scaled.jpg\" data-orig-src=\"https:\/\/ritornoalbosco.it\/wp-content\/uploads\/2025\/06\/Rhodiola-rosea-scaled.jpg\" alt class=\"lazyload img-responsive wp-image-3912\" srcset=\"data:image\/svg+xml,%3Csvg%20xmlns%3D%27http%3A%2F%2Fwww.w3.org%2F2000%2Fsvg%27%20width%3D%271920%27%20height%3D%272560%27%20viewBox%3D%270%200%201920%202560%27%3E%3Crect%20width%3D%271920%27%20height%3D%272560%27%20fill-opacity%3D%220%22%2F%3E%3C%2Fsvg%3E\" data-srcset=\"https:\/\/ritornoalbosco.it\/wp-content\/uploads\/2025\/06\/Rhodiola-rosea-200x267.jpg 200w, https:\/\/ritornoalbosco.it\/wp-content\/uploads\/2025\/06\/Rhodiola-rosea-400x533.jpg 400w, https:\/\/ritornoalbosco.it\/wp-content\/uploads\/2025\/06\/Rhodiola-rosea-600x800.jpg 600w, https:\/\/ritornoalbosco.it\/wp-content\/uploads\/2025\/06\/Rhodiola-rosea-800x1067.jpg 800w, https:\/\/ritornoalbosco.it\/wp-content\/uploads\/2025\/06\/Rhodiola-rosea-1200x1600.jpg 1200w, https:\/\/ritornoalbosco.it\/wp-content\/uploads\/2025\/06\/Rhodiola-rosea-scaled.jpg 1920w\" data-sizes=\"auto\" data-orig-sizes=\"(max-width: 640px) 100vw, 800px\" \/><\/span><div class=\"awb-imageframe-caption-container\"><div class=\"awb-imageframe-caption\"><h6 class=\"awb-imageframe-caption-title\">Rhodiola rosea - Parco Regionale Adamello<\/h6><\/div><\/div><\/div><\/div><\/div><div class=\"fusion-layout-column fusion_builder_column fusion-builder-column-7 fusion_builder_column_1_2 1_2 fusion-flex-column\" style=\"--awb-bg-size:cover;--awb-width-large:50%;--awb-margin-top-large:0px;--awb-spacing-right-large:3.84%;--awb-margin-bottom-large:20px;--awb-spacing-left-large:3.84%;--awb-width-medium:50%;--awb-order-medium:0;--awb-spacing-right-medium:3.84%;--awb-spacing-left-medium:3.84%;--awb-width-small:100%;--awb-order-small:0;--awb-spacing-right-small:1.92%;--awb-spacing-left-small:1.92%;\"><div class=\"fusion-column-wrapper fusion-column-has-shadow fusion-flex-justify-content-flex-start fusion-content-layout-column\"><div class=\"fusion-image-element awb-imageframe-style awb-imageframe-style-below awb-imageframe-style-6\" style=\"--awb-caption-title-font-family:var(--h6_typography-font-family);--awb-caption-title-font-weight:var(--h6_typography-font-weight);--awb-caption-title-font-style:var(--h6_typography-font-style);--awb-caption-title-size:15px;--awb-caption-title-transform:var(--h6_typography-text-transform);--awb-caption-title-line-height:var(--h6_typography-line-height);--awb-caption-title-letter-spacing:var(--h6_typography-letter-spacing);\"><span class=\" fusion-imageframe imageframe-none imageframe-6 hover-type-none\"><img decoding=\"async\" width=\"1920\" height=\"2560\" title=\"Val di Stabio &#8211; parco regionale Adamello\" src=\"https:\/\/ritornoalbosco.it\/wp-content\/uploads\/2025\/06\/Val-di-Stabio-parco-regionale-Adamello-scaled.jpg\" data-orig-src=\"https:\/\/ritornoalbosco.it\/wp-content\/uploads\/2025\/06\/Val-di-Stabio-parco-regionale-Adamello-scaled.jpg\" alt class=\"lazyload img-responsive wp-image-3914\" srcset=\"data:image\/svg+xml,%3Csvg%20xmlns%3D%27http%3A%2F%2Fwww.w3.org%2F2000%2Fsvg%27%20width%3D%271920%27%20height%3D%272560%27%20viewBox%3D%270%200%201920%202560%27%3E%3Crect%20width%3D%271920%27%20height%3D%272560%27%20fill-opacity%3D%220%22%2F%3E%3C%2Fsvg%3E\" data-srcset=\"https:\/\/ritornoalbosco.it\/wp-content\/uploads\/2025\/06\/Val-di-Stabio-parco-regionale-Adamello-200x267.jpg 200w, https:\/\/ritornoalbosco.it\/wp-content\/uploads\/2025\/06\/Val-di-Stabio-parco-regionale-Adamello-400x533.jpg 400w, https:\/\/ritornoalbosco.it\/wp-content\/uploads\/2025\/06\/Val-di-Stabio-parco-regionale-Adamello-600x800.jpg 600w, https:\/\/ritornoalbosco.it\/wp-content\/uploads\/2025\/06\/Val-di-Stabio-parco-regionale-Adamello-800x1067.jpg 800w, https:\/\/ritornoalbosco.it\/wp-content\/uploads\/2025\/06\/Val-di-Stabio-parco-regionale-Adamello-1200x1600.jpg 1200w, https:\/\/ritornoalbosco.it\/wp-content\/uploads\/2025\/06\/Val-di-Stabio-parco-regionale-Adamello-scaled.jpg 1920w\" data-sizes=\"auto\" data-orig-sizes=\"(max-width: 640px) 100vw, 800px\" \/><\/span><div class=\"awb-imageframe-caption-container\"><div class=\"awb-imageframe-caption\"><h6 class=\"awb-imageframe-caption-title\">Val di Stabio - Parco Regionale Adamello - la fioritura dei ranuncoli<\/h6><\/div><\/div><\/div><\/div><\/div><div class=\"fusion-layout-column fusion_builder_column fusion-builder-column-8 fusion_builder_column_1_2 1_2 fusion-flex-column\" style=\"--awb-bg-size:cover;--awb-width-large:50%;--awb-margin-top-large:0px;--awb-spacing-right-large:3.84%;--awb-margin-bottom-large:20px;--awb-spacing-left-large:3.84%;--awb-width-medium:50%;--awb-order-medium:0;--awb-spacing-right-medium:3.84%;--awb-spacing-left-medium:3.84%;--awb-width-small:100%;--awb-order-small:0;--awb-spacing-right-small:1.92%;--awb-spacing-left-small:1.92%;\"><div class=\"fusion-column-wrapper fusion-column-has-shadow fusion-flex-justify-content-flex-start fusion-content-layout-column\"><\/div><\/div><\/div><\/div>\n","protected":false},"excerpt":{"rendered":"","protected":false},"author":2,"featured_media":3910,"comment_status":"open","ping_status":"open","sticky":false,"template":"","format":"standard","meta":{"_glsr_average":0,"_glsr_ranking":0,"_glsr_reviews":0,"footnotes":""},"categories":[57,68,66,69,70],"tags":[167,163,148,111,164,159,160,149,162,146],"class_list":["post-3916","post","type-post","status-publish","format-standard","has-post-thumbnail","hentry","category-ambiente","category-autunno","category-estate","category-inverno","category-montagna","tag-educazione-ambientale-valcamonica","tag-erbe-selvatiche-valcamonica","tag-forager-brescia","tag-foraging","tag-forest-bathing-bergamo","tag-forest-bathing-brescia","tag-forest-bathing-valle-camonica","tag-guida-ambientale-escursioni","tag-parco-regionale-adamello","tag-riconoscere-le-piante-spontanee-brescia"],"_links":{"self":[{"href":"https:\/\/ritornoalbosco.it\/index.php\/wp-json\/wp\/v2\/posts\/3916","targetHints":{"allow":["GET"]}}],"collection":[{"href":"https:\/\/ritornoalbosco.it\/index.php\/wp-json\/wp\/v2\/posts"}],"about":[{"href":"https:\/\/ritornoalbosco.it\/index.php\/wp-json\/wp\/v2\/types\/post"}],"author":[{"embeddable":true,"href":"https:\/\/ritornoalbosco.it\/index.php\/wp-json\/wp\/v2\/users\/2"}],"replies":[{"embeddable":true,"href":"https:\/\/ritornoalbosco.it\/index.php\/wp-json\/wp\/v2\/comments?post=3916"}],"version-history":[{"count":5,"href":"https:\/\/ritornoalbosco.it\/index.php\/wp-json\/wp\/v2\/posts\/3916\/revisions"}],"predecessor-version":[{"id":3939,"href":"https:\/\/ritornoalbosco.it\/index.php\/wp-json\/wp\/v2\/posts\/3916\/revisions\/3939"}],"wp:featuredmedia":[{"embeddable":true,"href":"https:\/\/ritornoalbosco.it\/index.php\/wp-json\/wp\/v2\/media\/3910"}],"wp:attachment":[{"href":"https:\/\/ritornoalbosco.it\/index.php\/wp-json\/wp\/v2\/media?parent=3916"}],"wp:term":[{"taxonomy":"category","embeddable":true,"href":"https:\/\/ritornoalbosco.it\/index.php\/wp-json\/wp\/v2\/categories?post=3916"},{"taxonomy":"post_tag","embeddable":true,"href":"https:\/\/ritornoalbosco.it\/index.php\/wp-json\/wp\/v2\/tags?post=3916"}],"curies":[{"name":"wp","href":"https:\/\/api.w.org\/{rel}","templated":true}]}}