{"id":4131,"date":"2025-08-17T18:59:03","date_gmt":"2025-08-17T16:59:03","guid":{"rendered":"https:\/\/ritornoalbosco.it\/?p=4131"},"modified":"2025-08-17T19:02:49","modified_gmt":"2025-08-17T17:02:49","slug":"le-buone-pratiche-per-affrontare-le-escuriosni-in-montagna-in-sicurezza","status":"publish","type":"post","link":"https:\/\/ritornoalbosco.it\/index.php\/2025\/08\/17\/le-buone-pratiche-per-affrontare-le-escuriosni-in-montagna-in-sicurezza\/","title":{"rendered":"LE BUONE PRATICHE PER AFFRONTARE LE ESCURSIONI IN MONTAGNA IN SICUREZZA"},"content":{"rendered":"<div class=\"fusion-fullwidth fullwidth-box fusion-builder-row-1 fusion-flex-container has-pattern-background has-mask-background nonhundred-percent-fullwidth non-hundred-percent-height-scrolling\" style=\"--awb-border-radius-top-left:0px;--awb-border-radius-top-right:0px;--awb-border-radius-bottom-right:0px;--awb-border-radius-bottom-left:0px;--awb-flex-wrap:wrap;\" ><div class=\"fusion-builder-row fusion-row fusion-flex-align-items-flex-start fusion-flex-justify-content-center fusion-flex-content-wrap\" style=\"max-width:1414.4px;margin-left: calc(-4% \/ 2 );margin-right: calc(-4% \/ 2 );\"><div class=\"fusion-layout-column fusion_builder_column fusion-builder-column-0 fusion_builder_column_1_1 1_1 fusion-flex-column\" style=\"--awb-bg-size:cover;--awb-width-large:100%;--awb-margin-top-large:0px;--awb-spacing-right-large:1.92%;--awb-margin-bottom-large:0px;--awb-spacing-left-large:1.92%;--awb-width-medium:100%;--awb-order-medium:0;--awb-spacing-right-medium:1.92%;--awb-spacing-left-medium:1.92%;--awb-width-small:100%;--awb-order-small:0;--awb-spacing-right-small:1.92%;--awb-spacing-left-small:1.92%;\"><div class=\"fusion-column-wrapper fusion-column-has-shadow fusion-flex-justify-content-flex-start fusion-content-layout-column\"><div class=\"fusion-text fusion-text-1 fusion-text-no-margin\" style=\"--awb-margin-top:20px;--awb-margin-bottom:10px;\"><h3 class=\"p3 fusion-responsive-typography-calculated\" style=\"--fontsize: 20; line-height: 1.4; font-size: 15px; --fontSize: 20;\" data-fontsize=\"20\" data-lineheight=\"28px\" data-fusion-font=\"true\">OGNI ESCURSIONE VA PREPARATA CON ATTENZIONE, ANCHE QUELLE CHE SEMBRANO PI\u00d9 SEMPLICI.<\/h3>\n<p style=\"font-size: 15px;\" data-fusion-font=\"true\">Con le frequenti ondate di caldo a cui stiamo assistendo la montagna sta diventando sempre pi\u00f9 frequentata e purtroppo la maggiore affluenza turistica sta andando di pari passo con gli incidenti.<\/p>\n<p style=\"font-size: 15px;\" data-fusion-font=\"true\">Programmare una vacanza in montagna in sicurezza e in modo responsabile \u00e8 possibile, basta seguire alcuni accorgimenti, a partire dall\u2019utilizzo dell\u2019attrezzatura giusta fino alla scelta dei sentieri pi\u00f9 in linea con le proprie capacit\u00e0.<\/p>\n<p style=\"font-size: 15px;\" data-fusion-font=\"true\"><b><span style=\"color: rgb(0, 0, 0);\">UTILIZZA IL GIUSTO EQUIPAGGIAMENTO <\/span><\/b><\/p>\n<p style=\"font-size: 15px;\" data-fusion-font=\"true\">Scarpe da trekking (no, le snakers non vanno bene), abbigliamento tecnico adeguato all\u2019altitudine e alla stagione, uno zaino leggero per portare il minino indispensabile e una lampada frontale se si cammina in notturna. Porta sempre nello zaino almeno 2 litri di acqua e accessori adeguati per coprirti dal sole.<\/p>\n<p style=\"font-size: 15px;\" data-fusion-font=\"true\"><b>MONITORA LE PREVISIONI METEO PRIMA DI PARTIRE<\/b><\/p>\n<p style=\"font-size: 15px;\" data-fusion-font=\"true\">Meglio rinviare un\u2019escursione che trovarsi bloccati senza condizioni minime di sicurezza.<\/p>\n<p class=\"p6\" style=\"font-size: 15px;\" data-fusion-font=\"true\">\n<\/div><\/div><\/div><div class=\"fusion-layout-column fusion_builder_column fusion-builder-column-1 fusion_builder_column_2_3 2_3 fusion-flex-column\" style=\"--awb-bg-size:cover;--awb-width-large:66.666666666667%;--awb-margin-top-large:0px;--awb-spacing-right-large:2.88%;--awb-margin-bottom-large:20px;--awb-spacing-left-large:2.88%;--awb-width-medium:66.666666666667%;--awb-order-medium:0;--awb-spacing-right-medium:2.88%;--awb-spacing-left-medium:2.88%;--awb-width-small:100%;--awb-order-small:0;--awb-spacing-right-small:1.92%;--awb-spacing-left-small:1.92%;\"><div class=\"fusion-column-wrapper fusion-column-has-shadow fusion-flex-justify-content-flex-start fusion-content-layout-column\"><div class=\"fusion-image-element awb-imageframe-style awb-imageframe-style-below awb-imageframe-style-1\" style=\"--awb-caption-title-font-family:var(--h6_typography-font-family);--awb-caption-title-font-weight:var(--h6_typography-font-weight);--awb-caption-title-font-style:var(--h6_typography-font-style);--awb-caption-title-size:15px;--awb-caption-title-transform:var(--h6_typography-text-transform);--awb-caption-title-line-height:var(--h6_typography-line-height);--awb-caption-title-letter-spacing:var(--h6_typography-letter-spacing);\"><span class=\" fusion-imageframe imageframe-none imageframe-1 hover-type-none\"><img decoding=\"async\" width=\"1500\" height=\"2000\" title=\"GUIDA AMBIENTALE ESCURSIONISTICA VALLE CAMONICA\" src=\"https:\/\/ritornoalbosco.it\/wp-content\/uploads\/2025\/08\/IMG-20230706-WA0036.jpg\" data-orig-src=\"https:\/\/ritornoalbosco.it\/wp-content\/uploads\/2025\/08\/IMG-20230706-WA0036.jpg\" alt class=\"lazyload img-responsive wp-image-4124\" srcset=\"data:image\/svg+xml,%3Csvg%20xmlns%3D%27http%3A%2F%2Fwww.w3.org%2F2000%2Fsvg%27%20width%3D%271500%27%20height%3D%272000%27%20viewBox%3D%270%200%201500%202000%27%3E%3Crect%20width%3D%271500%27%20height%3D%272000%27%20fill-opacity%3D%220%22%2F%3E%3C%2Fsvg%3E\" data-srcset=\"https:\/\/ritornoalbosco.it\/wp-content\/uploads\/2025\/08\/IMG-20230706-WA0036-200x267.jpg 200w, https:\/\/ritornoalbosco.it\/wp-content\/uploads\/2025\/08\/IMG-20230706-WA0036-400x533.jpg 400w, https:\/\/ritornoalbosco.it\/wp-content\/uploads\/2025\/08\/IMG-20230706-WA0036-600x800.jpg 600w, https:\/\/ritornoalbosco.it\/wp-content\/uploads\/2025\/08\/IMG-20230706-WA0036-800x1067.jpg 800w, https:\/\/ritornoalbosco.it\/wp-content\/uploads\/2025\/08\/IMG-20230706-WA0036-1200x1600.jpg 1200w, https:\/\/ritornoalbosco.it\/wp-content\/uploads\/2025\/08\/IMG-20230706-WA0036.jpg 1500w\" data-sizes=\"auto\" data-orig-sizes=\"(max-width: 640px) 100vw, 1200px\" \/><\/span><div class=\"awb-imageframe-caption-container\"><div class=\"awb-imageframe-caption\"><h6 class=\"awb-imageframe-caption-title\">Val Miller - valle alpina del gruppo dell'Adamello<\/h6><\/div><\/div><\/div><\/div><\/div><div class=\"fusion-layout-column fusion_builder_column fusion-builder-column-2 fusion_builder_column_1_1 1_1 fusion-flex-column\" style=\"--awb-bg-size:cover;--awb-width-large:100%;--awb-margin-top-large:0px;--awb-spacing-right-large:1.92%;--awb-margin-bottom-large:0px;--awb-spacing-left-large:1.92%;--awb-width-medium:100%;--awb-order-medium:0;--awb-spacing-right-medium:1.92%;--awb-spacing-left-medium:1.92%;--awb-width-small:100%;--awb-order-small:0;--awb-spacing-right-small:1.92%;--awb-spacing-left-small:1.92%;\"><div class=\"fusion-column-wrapper fusion-column-has-shadow fusion-flex-justify-content-flex-start fusion-content-layout-column\"><div class=\"fusion-text fusion-text-2 fusion-text-no-margin\" style=\"--awb-margin-top:20px;--awb-margin-bottom:10px;\"><p style=\"font-size: 15px;\" data-fusion-font=\"true\"><b>INFORMATI SUI SENTIERI CHE INTENDI PERCORRERE<\/b><\/p>\n<p style=\"font-size: 15px;\" data-fusion-font=\"true\">On line si trovano molte indicazioni utili sui sentieri con dettagli su lunghezza, dislivello, difficolt\u00e0 e altitudine. Meglio evitare le escursioni troppo lunghe o con ampi dislivelli se non si \u00e8 fisicamente preparati. Esistono anche itinerari segnalati appositamente per chi si muove con bambini o passeggini. Cerca di partire nelle prime ore del mattino, evitando di camminare nelle ore pi\u00f9 calde.<\/p>\n<p style=\"font-size: 15px;\" data-fusion-font=\"true\"><b>SEGUI SEMPRE I SENTERI <\/b><\/p>\n<p style=\"font-size: 15px;\" data-fusion-font=\"true\">Non abbandonare i sentieri tracciati. Seguire i sentieri tracciati aiuta a mantenere il senso dell\u2019orientamento ma anche la sicurezza, evitando cadute, frane o zone dalle quali \u00e8 difficile tornare indietro. Un\u2019alternativa \u00e8 muoversi con qualcuno che conosce bene il territorio.<\/p>\n<\/div><\/div><\/div><div class=\"fusion-layout-column fusion_builder_column fusion-builder-column-3 fusion_builder_column_1_2 1_2 fusion-flex-column\" style=\"--awb-bg-size:cover;--awb-width-large:50%;--awb-margin-top-large:0px;--awb-spacing-right-large:3.84%;--awb-margin-bottom-large:20px;--awb-spacing-left-large:3.84%;--awb-width-medium:50%;--awb-order-medium:0;--awb-spacing-right-medium:3.84%;--awb-spacing-left-medium:3.84%;--awb-width-small:100%;--awb-order-small:0;--awb-spacing-right-small:1.92%;--awb-spacing-left-small:1.92%;\"><div class=\"fusion-column-wrapper fusion-column-has-shadow fusion-flex-justify-content-flex-start fusion-content-layout-column\"><div class=\"fusion-image-element awb-imageframe-style awb-imageframe-style-below awb-imageframe-style-2\" style=\"--awb-caption-title-font-family:var(--h6_typography-font-family);--awb-caption-title-font-weight:var(--h6_typography-font-weight);--awb-caption-title-font-style:var(--h6_typography-font-style);--awb-caption-title-size:15px;--awb-caption-title-transform:var(--h6_typography-text-transform);--awb-caption-title-line-height:var(--h6_typography-line-height);--awb-caption-title-letter-spacing:var(--h6_typography-letter-spacing);\"><span class=\" fusion-imageframe imageframe-none imageframe-2 hover-type-none\"><img decoding=\"async\" width=\"1200\" height=\"1600\" title=\"guida ambientale brescia\" src=\"https:\/\/ritornoalbosco.it\/wp-content\/uploads\/2025\/08\/IMG-20220805-WA0017.jpg\" data-orig-src=\"https:\/\/ritornoalbosco.it\/wp-content\/uploads\/2025\/08\/IMG-20220805-WA0017.jpg\" alt class=\"lazyload img-responsive wp-image-4122\" srcset=\"data:image\/svg+xml,%3Csvg%20xmlns%3D%27http%3A%2F%2Fwww.w3.org%2F2000%2Fsvg%27%20width%3D%271200%27%20height%3D%271600%27%20viewBox%3D%270%200%201200%201600%27%3E%3Crect%20width%3D%271200%27%20height%3D%271600%27%20fill-opacity%3D%220%22%2F%3E%3C%2Fsvg%3E\" data-srcset=\"https:\/\/ritornoalbosco.it\/wp-content\/uploads\/2025\/08\/IMG-20220805-WA0017-200x267.jpg 200w, https:\/\/ritornoalbosco.it\/wp-content\/uploads\/2025\/08\/IMG-20220805-WA0017-400x533.jpg 400w, https:\/\/ritornoalbosco.it\/wp-content\/uploads\/2025\/08\/IMG-20220805-WA0017-600x800.jpg 600w, https:\/\/ritornoalbosco.it\/wp-content\/uploads\/2025\/08\/IMG-20220805-WA0017-800x1067.jpg 800w, https:\/\/ritornoalbosco.it\/wp-content\/uploads\/2025\/08\/IMG-20220805-WA0017.jpg 1200w\" data-sizes=\"auto\" data-orig-sizes=\"(max-width: 640px) 100vw, 800px\" \/><\/span><div class=\"awb-imageframe-caption-container\"><div class=\"awb-imageframe-caption\"><h6 class=\"awb-imageframe-caption-title\">Lago della Vacca - alta valle del Caffaro<\/h6><\/div><\/div><\/div><\/div><\/div><div class=\"fusion-layout-column fusion_builder_column fusion-builder-column-4 fusion_builder_column_1_2 1_2 fusion-flex-column\" style=\"--awb-bg-size:cover;--awb-width-large:50%;--awb-margin-top-large:0px;--awb-spacing-right-large:3.84%;--awb-margin-bottom-large:20px;--awb-spacing-left-large:3.84%;--awb-width-medium:50%;--awb-order-medium:0;--awb-spacing-right-medium:3.84%;--awb-spacing-left-medium:3.84%;--awb-width-small:100%;--awb-order-small:0;--awb-spacing-right-small:1.92%;--awb-spacing-left-small:1.92%;\"><div class=\"fusion-column-wrapper fusion-column-has-shadow fusion-flex-justify-content-flex-start fusion-content-layout-column\"><div class=\"fusion-image-element awb-imageframe-style awb-imageframe-style-below awb-imageframe-style-3\" style=\"--awb-caption-title-font-family:var(--h6_typography-font-family);--awb-caption-title-font-weight:var(--h6_typography-font-weight);--awb-caption-title-font-style:var(--h6_typography-font-style);--awb-caption-title-size:15px;--awb-caption-title-transform:var(--h6_typography-text-transform);--awb-caption-title-line-height:var(--h6_typography-line-height);--awb-caption-title-letter-spacing:var(--h6_typography-letter-spacing);\"><span class=\" fusion-imageframe imageframe-none imageframe-3 hover-type-none\"><img decoding=\"async\" width=\"1920\" height=\"2560\" title=\"guida ambientale val camonica\" src=\"https:\/\/ritornoalbosco.it\/wp-content\/uploads\/2025\/08\/IMG20230705124516-scaled.jpg\" data-orig-src=\"https:\/\/ritornoalbosco.it\/wp-content\/uploads\/2025\/08\/IMG20230705124516-scaled.jpg\" alt class=\"lazyload img-responsive wp-image-4127\" srcset=\"data:image\/svg+xml,%3Csvg%20xmlns%3D%27http%3A%2F%2Fwww.w3.org%2F2000%2Fsvg%27%20width%3D%271920%27%20height%3D%272560%27%20viewBox%3D%270%200%201920%202560%27%3E%3Crect%20width%3D%271920%27%20height%3D%272560%27%20fill-opacity%3D%220%22%2F%3E%3C%2Fsvg%3E\" data-srcset=\"https:\/\/ritornoalbosco.it\/wp-content\/uploads\/2025\/08\/IMG20230705124516-200x267.jpg 200w, https:\/\/ritornoalbosco.it\/wp-content\/uploads\/2025\/08\/IMG20230705124516-400x533.jpg 400w, https:\/\/ritornoalbosco.it\/wp-content\/uploads\/2025\/08\/IMG20230705124516-600x800.jpg 600w, https:\/\/ritornoalbosco.it\/wp-content\/uploads\/2025\/08\/IMG20230705124516-800x1067.jpg 800w, https:\/\/ritornoalbosco.it\/wp-content\/uploads\/2025\/08\/IMG20230705124516-1200x1600.jpg 1200w, https:\/\/ritornoalbosco.it\/wp-content\/uploads\/2025\/08\/IMG20230705124516-scaled.jpg 1920w\" data-sizes=\"auto\" data-orig-sizes=\"(max-width: 640px) 100vw, 800px\" \/><\/span><div class=\"awb-imageframe-caption-container\"><div class=\"awb-imageframe-caption\"><h6 class=\"awb-imageframe-caption-title\">Segnaletica CAI - gruppo dell'Adamello<\/h6><\/div><\/div><\/div><\/div><\/div><div class=\"fusion-layout-column fusion_builder_column fusion-builder-column-5 fusion_builder_column_1_1 1_1 fusion-flex-column\" style=\"--awb-bg-size:cover;--awb-width-large:100%;--awb-margin-top-large:0px;--awb-spacing-right-large:1.92%;--awb-margin-bottom-large:20px;--awb-spacing-left-large:1.92%;--awb-width-medium:100%;--awb-order-medium:0;--awb-spacing-right-medium:1.92%;--awb-spacing-left-medium:1.92%;--awb-width-small:100%;--awb-order-small:0;--awb-spacing-right-small:1.92%;--awb-spacing-left-small:1.92%;\"><div class=\"fusion-column-wrapper fusion-column-has-shadow fusion-flex-justify-content-flex-start fusion-content-layout-column\"><div class=\"fusion-image-element awb-imageframe-style awb-imageframe-style-below awb-imageframe-style-4\" style=\"--awb-caption-title-font-family:var(--h6_typography-font-family);--awb-caption-title-font-weight:var(--h6_typography-font-weight);--awb-caption-title-font-style:var(--h6_typography-font-style);--awb-caption-title-size:15px;--awb-caption-title-transform:var(--h6_typography-text-transform);--awb-caption-title-line-height:var(--h6_typography-line-height);--awb-caption-title-letter-spacing:var(--h6_typography-letter-spacing);\"><span class=\" fusion-imageframe imageframe-none imageframe-4 hover-type-none\"><img decoding=\"async\" width=\"1920\" height=\"2560\" title=\"guida parco adamello\" src=\"https:\/\/ritornoalbosco.it\/wp-content\/uploads\/2025\/08\/IMG20230705133243-scaled.jpg\" data-orig-src=\"https:\/\/ritornoalbosco.it\/wp-content\/uploads\/2025\/08\/IMG20230705133243-scaled.jpg\" alt class=\"lazyload img-responsive wp-image-4128\" srcset=\"data:image\/svg+xml,%3Csvg%20xmlns%3D%27http%3A%2F%2Fwww.w3.org%2F2000%2Fsvg%27%20width%3D%271920%27%20height%3D%272560%27%20viewBox%3D%270%200%201920%202560%27%3E%3Crect%20width%3D%271920%27%20height%3D%272560%27%20fill-opacity%3D%220%22%2F%3E%3C%2Fsvg%3E\" data-srcset=\"https:\/\/ritornoalbosco.it\/wp-content\/uploads\/2025\/08\/IMG20230705133243-200x267.jpg 200w, https:\/\/ritornoalbosco.it\/wp-content\/uploads\/2025\/08\/IMG20230705133243-400x533.jpg 400w, https:\/\/ritornoalbosco.it\/wp-content\/uploads\/2025\/08\/IMG20230705133243-600x800.jpg 600w, https:\/\/ritornoalbosco.it\/wp-content\/uploads\/2025\/08\/IMG20230705133243-800x1067.jpg 800w, https:\/\/ritornoalbosco.it\/wp-content\/uploads\/2025\/08\/IMG20230705133243-1200x1600.jpg 1200w, https:\/\/ritornoalbosco.it\/wp-content\/uploads\/2025\/08\/IMG20230705133243-scaled.jpg 1920w\" data-sizes=\"auto\" data-orig-sizes=\"(max-width: 640px) 100vw, 1920px\" \/><\/span><div class=\"awb-imageframe-caption-container\"><div class=\"awb-imageframe-caption\"><h6 class=\"awb-imageframe-caption-title\">Granito dell'Adamello - valle alpina del gruppo dell'Adamello<\/h6><\/div><\/div><\/div><div class=\"fusion-text fusion-text-3\"><p style=\"font-size: 15px;\" data-fusion-font=\"true\">\n<p><b style=\"font-size: 15px;\" data-fusion-font=\"true\">BOULDERING E FERRATE NON SONO PER TUTTI<\/b><\/p>\n<p style=\"font-size: 15px;\" data-fusion-font=\"true\">Percorrere vie ferrate o arrampicarsi senza le competenze o l\u2019attrezzatura adatta \u00e8 rischioso, anche perch\u00e9 un infortunio in aree isolate rende difficile l\u2019intervento dei soccorsi. Valutiamo sempre la nostra preparazione fisica e i nostri limiti.<\/p>\n<p><b style=\"font-size: 15px;\" data-fusion-font=\"true\">SEGNALA SEMPRE DOVE VAI<\/b><\/p>\n<p style=\"font-size: 15px;\" data-fusion-font=\"true\">Soprattutto per chi si muove da solo, \u00e8 importante avvisare sempre qualcuno del percorso che si intende fare. Basta un messaggio ad un amico o un familiare. <\/p>\n<p style=\"font-size: 15px;\" data-fusion-font=\"true\">Andare in montagna \u00e8 bellissimo ma non \u00e8 sempre una passeggiata. Prepararsi con attenzione non significa rinunciare a divertimento ma protegge s\u00e9 stessi e chi ci circonda. Godetetevi le montagne, ma fatelo sempre responsabilmente.<\/p>\n<p style=\"font-size: 15px;\" data-fusion-font=\"true\">\n<p style=\"font-size: 15px;\" data-fusion-font=\"true\">\n<\/div><\/div><\/div><\/div><\/div>\n","protected":false},"excerpt":{"rendered":"","protected":false},"author":2,"featured_media":4128,"comment_status":"open","ping_status":"open","sticky":false,"template":"","format":"standard","meta":{"_glsr_average":0,"_glsr_ranking":0,"_glsr_reviews":0,"footnotes":""},"categories":[57,68,66,69,70,65],"tags":[167,163,148,111,164,159,160,149,162,146],"class_list":["post-4131","post","type-post","status-publish","format-standard","has-post-thumbnail","hentry","category-ambiente","category-autunno","category-estate","category-inverno","category-montagna","category-primvera","tag-educazione-ambientale-valcamonica","tag-erbe-selvatiche-valcamonica","tag-forager-brescia","tag-foraging","tag-forest-bathing-bergamo","tag-forest-bathing-brescia","tag-forest-bathing-valle-camonica","tag-guida-ambientale-escursioni","tag-parco-regionale-adamello","tag-riconoscere-le-piante-spontanee-brescia"],"_links":{"self":[{"href":"https:\/\/ritornoalbosco.it\/index.php\/wp-json\/wp\/v2\/posts\/4131","targetHints":{"allow":["GET"]}}],"collection":[{"href":"https:\/\/ritornoalbosco.it\/index.php\/wp-json\/wp\/v2\/posts"}],"about":[{"href":"https:\/\/ritornoalbosco.it\/index.php\/wp-json\/wp\/v2\/types\/post"}],"author":[{"embeddable":true,"href":"https:\/\/ritornoalbosco.it\/index.php\/wp-json\/wp\/v2\/users\/2"}],"replies":[{"embeddable":true,"href":"https:\/\/ritornoalbosco.it\/index.php\/wp-json\/wp\/v2\/comments?post=4131"}],"version-history":[{"count":4,"href":"https:\/\/ritornoalbosco.it\/index.php\/wp-json\/wp\/v2\/posts\/4131\/revisions"}],"predecessor-version":[{"id":4135,"href":"https:\/\/ritornoalbosco.it\/index.php\/wp-json\/wp\/v2\/posts\/4131\/revisions\/4135"}],"wp:featuredmedia":[{"embeddable":true,"href":"https:\/\/ritornoalbosco.it\/index.php\/wp-json\/wp\/v2\/media\/4128"}],"wp:attachment":[{"href":"https:\/\/ritornoalbosco.it\/index.php\/wp-json\/wp\/v2\/media?parent=4131"}],"wp:term":[{"taxonomy":"category","embeddable":true,"href":"https:\/\/ritornoalbosco.it\/index.php\/wp-json\/wp\/v2\/categories?post=4131"},{"taxonomy":"post_tag","embeddable":true,"href":"https:\/\/ritornoalbosco.it\/index.php\/wp-json\/wp\/v2\/tags?post=4131"}],"curies":[{"name":"wp","href":"https:\/\/api.w.org\/{rel}","templated":true}]}}